{"id":38212,"date":"2025-10-06T10:30:04","date_gmt":"2025-10-06T10:30:04","guid":{"rendered":"https:\/\/www.detuy.com\/lyrics\/?p=38212"},"modified":"2025-10-06T10:30:05","modified_gmt":"2025-10-06T10:30:05","slug":"ali-abbas-aslanturk-guzel-seni-su-yolunda","status":"publish","type":"post","link":"https:\/\/www.detuy.com\/lyrics\/ali-abbas-aslanturk-guzel-seni-su-yolunda\/","title":{"rendered":"Ali Abbas Aslant\u00fcrk &#8211; G\u00fczel seni su yolunda"},"content":{"rendered":"\n<p><strong>Ali Abbas Aslant\u00fcrk &#8211; G\u00fczel seni su yolunda &#8211; s\u00f6zleri &#8211; \u015fark\u0131 s\u00f6z\u00fc &#8211; Lyrics<\/strong><\/p>\n\n\n\n<p>G\u00fczel seni su yolunda<br>G\u00f6rm\u00fc\u015f idim unuttun mu<br>Ad\u0131n\u0131 k\u00fc\u00e7\u00fck bac\u0131ndan<br>Sormu\u015f idim unuttun mu<\/p>\n\n\n\n<p>Kurban olam ela g\u00f6ze<br>Sen kendini \u00e7ekme naza<br>Sabah erken evimize<br>Gelmi\u015f idin unuttun mu<\/p>\n\n\n\n<p>Beni beni beni beni<br>Bende sever idim seni<br>Beni beni beni beni<br>Unuttun mu zalim beni<\/p>\n\n\n\n<p>Kurban olam ela g\u00f6ze<br>Sen kendini \u00e7ekme naza<br>Sabah erken evimize<br>Gelmi\u015f idin unuttun mu<\/p>\n\n\n\n<p>Beni beni beni beni<br>Bende sever idim seni<br>Beni beni beni beni<br>Unuttun mu zalim beni<\/p>\n\n\n\n<p>Yakt\u0131n beni yanas\u0131n sen<br>Benim gibi olas\u0131n sen<br>Sa\u00e7lar\u0131n\u0131 elimle ben<br>\u00d6rd\u00fc\u011f\u00fcd\u00fcm unuttun mu<\/p>\n\n\n\n<p>Beni beni beni beni<br>Bende sever idim seni<br>Beni beni beni beni<br>Unuttun mu zalim beni<\/p>\n\n\n\n<p>Yazar:&nbsp;Hasan \u00d6zacar<\/p>\n","protected":false},"excerpt":{"rendered":"<p>Ali Abbas Aslant\u00fcrk &#8211; G\u00fczel seni su yolunda &#8211; s\u00f6zleri &#8211; \u015fark\u0131 s\u00f6z\u00fc &#8211; Lyrics G\u00fczel seni su yolundaG\u00f6rm\u00fc\u015f idim unuttun muAd\u0131n\u0131 k\u00fc\u00e7\u00fck bac\u0131ndanSormu\u015f idim&#8230;<\/p>\n","protected":false},"author":1,"featured_media":0,"comment_status":"open","ping_status":"open","sticky":false,"template":"","format":"standard","meta":{"footnotes":""},"categories":[3],"tags":[],"class_list":["post-38212","post","type-post","status-publish","format-standard","hentry","category-lyrics","entry"],"_links":{"self":[{"href":"https:\/\/www.detuy.com\/lyrics\/wp-json\/wp\/v2\/posts\/38212","targetHints":{"allow":["GET"]}}],"collection":[{"href":"https:\/\/www.detuy.com\/lyrics\/wp-json\/wp\/v2\/posts"}],"about":[{"href":"https:\/\/www.detuy.com\/lyrics\/wp-json\/wp\/v2\/types\/post"}],"author":[{"embeddable":true,"href":"https:\/\/www.detuy.com\/lyrics\/wp-json\/wp\/v2\/users\/1"}],"replies":[{"embeddable":true,"href":"https:\/\/www.detuy.com\/lyrics\/wp-json\/wp\/v2\/comments?post=38212"}],"version-history":[{"count":1,"href":"https:\/\/www.detuy.com\/lyrics\/wp-json\/wp\/v2\/posts\/38212\/revisions"}],"predecessor-version":[{"id":38213,"href":"https:\/\/www.detuy.com\/lyrics\/wp-json\/wp\/v2\/posts\/38212\/revisions\/38213"}],"wp:attachment":[{"href":"https:\/\/www.detuy.com\/lyrics\/wp-json\/wp\/v2\/media?parent=38212"}],"wp:term":[{"taxonomy":"category","embeddable":true,"href":"https:\/\/www.detuy.com\/lyrics\/wp-json\/wp\/v2\/categories?post=38212"},{"taxonomy":"post_tag","embeddable":true,"href":"https:\/\/www.detuy.com\/lyrics\/wp-json\/wp\/v2\/tags?post=38212"}],"curies":[{"name":"wp","href":"https:\/\/api.w.org\/{rel}","templated":true}]}}